{"id":1,"date":"2016-01-20T15:14:18","date_gmt":"2016-01-20T15:14:18","guid":{"rendered":"http:\/\/www.psatelier.it\/?p=1"},"modified":"2017-06-08T13:41:18","modified_gmt":"2017-06-08T13:41:18","slug":"hello-world","status":"publish","type":"post","link":"https:\/\/www.psatelier.it\/index.php\/2016\/01\/20\/hello-world\/","title":{"rendered":"Progettare il costruito: nuovi modelli a qualit\u00e0 integrata per la citt\u00e0 compatta"},"content":{"rendered":"<p>P. STRINA, <em>Progettare il costruito: nuovi modelli a qualit\u00e0 integrata per la citt\u00e0 compatta<\/em> in G. COMOGLIO, D. MARCUZZO, <em>L\u2019architettura \u00e8 un prodotto socialmente utile?\u00a0Atti del III Forum del coordinamento nazionale dei docenti di\u00a0progettazione architettonica ICAR 14-15-16<\/em>,\u00a0Torino, 4-5 ottobre 2013, Torino, 2014.<br \/>\nOggetto del full paper: ricerca di dottorato condotta da Annapaola Nolli, Nicola Montini, Paolo Strina.<\/p>\n<p><img fetchpriority=\"high\" decoding=\"async\" class=\"alignnone size-full wp-image-21796\" src=\"http:\/\/www.psatelier.it\/wp-content\/uploads\/2016\/01\/proarch_atti_torino_2013_estratto-pdf.jpg\" alt=\"proarch_atti_torino_2013_estratto-pdf\" width=\"1754\" height=\"1240\" srcset=\"https:\/\/www.psatelier.it\/wp-content\/uploads\/2016\/01\/proarch_atti_torino_2013_estratto-pdf.jpg 1754w, https:\/\/www.psatelier.it\/wp-content\/uploads\/2016\/01\/proarch_atti_torino_2013_estratto-pdf-300x212.jpg 300w, https:\/\/www.psatelier.it\/wp-content\/uploads\/2016\/01\/proarch_atti_torino_2013_estratto-pdf-768x543.jpg 768w, https:\/\/www.psatelier.it\/wp-content\/uploads\/2016\/01\/proarch_atti_torino_2013_estratto-pdf-1024x724.jpg 1024w, https:\/\/www.psatelier.it\/wp-content\/uploads\/2016\/01\/proarch_atti_torino_2013_estratto-pdf-700x495.jpg 700w, https:\/\/www.psatelier.it\/wp-content\/uploads\/2016\/01\/proarch_atti_torino_2013_estratto-pdf-1100x778.jpg 1100w\" sizes=\"(max-width: 1754px) 100vw, 1754px\" \/><\/p>\n<p><a href=\"http:\/\/www.psatelier.it\/wp-content\/uploads\/2016\/03\/proarch_atti_torino_2013_estratto2.pdf\" target=\"_blank\">Scarica l&#8217;articolo in PDF<\/a><\/p>\n","protected":false},"excerpt":{"rendered":"<p>P. STRINA, Progettare il costruito: nuovi modelli a qualit\u00e0 integrata per la citt\u00e0 compatta in G. COMOGLIO, D. MARCUZZO, L\u2019architettura \u00e8 un prodotto socialmente utile?\u00a0Atti del III Forum del coordinamento nazionale dei docenti di\u00a0progettazione architettonica ICAR 14-15-16,\u00a0Torino, 4-5 ottobre 2013, Torino, 2014. Oggetto del full&#8230;<\/p>\n","protected":false},"author":2,"featured_media":21796,"comment_status":"open","ping_status":"open","sticky":false,"template":"","format":"standard","meta":{"footnotes":""},"categories":[165],"tags":[],"class_list":["post-1","post","type-post","status-publish","format-standard","has-post-thumbnail","hentry","category-pubblicazioni"],"_links":{"self":[{"href":"https:\/\/www.psatelier.it\/index.php\/wp-json\/wp\/v2\/posts\/1","targetHints":{"allow":["GET"]}}],"collection":[{"href":"https:\/\/www.psatelier.it\/index.php\/wp-json\/wp\/v2\/posts"}],"about":[{"href":"https:\/\/www.psatelier.it\/index.php\/wp-json\/wp\/v2\/types\/post"}],"author":[{"embeddable":true,"href":"https:\/\/www.psatelier.it\/index.php\/wp-json\/wp\/v2\/users\/2"}],"replies":[{"embeddable":true,"href":"https:\/\/www.psatelier.it\/index.php\/wp-json\/wp\/v2\/comments?post=1"}],"version-history":[{"count":7,"href":"https:\/\/www.psatelier.it\/index.php\/wp-json\/wp\/v2\/posts\/1\/revisions"}],"predecessor-version":[{"id":22072,"href":"https:\/\/www.psatelier.it\/index.php\/wp-json\/wp\/v2\/posts\/1\/revisions\/22072"}],"wp:featuredmedia":[{"embeddable":true,"href":"https:\/\/www.psatelier.it\/index.php\/wp-json\/wp\/v2\/media\/21796"}],"wp:attachment":[{"href":"https:\/\/www.psatelier.it\/index.php\/wp-json\/wp\/v2\/media?parent=1"}],"wp:term":[{"taxonomy":"category","embeddable":true,"href":"https:\/\/www.psatelier.it\/index.php\/wp-json\/wp\/v2\/categories?post=1"},{"taxonomy":"post_tag","embeddable":true,"href":"https:\/\/www.psatelier.it\/index.php\/wp-json\/wp\/v2\/tags?post=1"}],"curies":[{"name":"wp","href":"https:\/\/api.w.org\/{rel}","templated":true}]}}